{"id":990029,"date":"2025-12-04T14:25:58","date_gmt":"2025-12-04T17:25:58","guid":{"rendered":"https:\/\/bravebranding.com.br\/?p=990029"},"modified":"2025-12-04T15:27:25","modified_gmt":"2025-12-04T18:27:25","slug":"pantone-color-of-the-year-2026-cloud-dancer-e-o-futuro-das-marcas-que-pensam-alem-do-obvio","status":"publish","type":"post","link":"https:\/\/bravebranding.com.br\/index.php\/2025\/12\/04\/pantone-color-of-the-year-2026-cloud-dancer-e-o-futuro-das-marcas-que-pensam-alem-do-obvio\/","title":{"rendered":"Pantone Color of the Year 2026: Cloud Dancer e o futuro das marcas que pensam al\u00e9m do \u00f3bvio"},"content":{"rendered":"\t\t<div data-elementor-type=\"wp-post\" data-elementor-id=\"990029\" class=\"elementor elementor-990029\" data-elementor-post-type=\"post\">\n\t\t\t\t<div class=\"elementor-element elementor-element-70151eb e-flex e-con-boxed e-con e-parent\" data-id=\"70151eb\" data-element_type=\"container\">\n\t\t\t\t\t<div class=\"e-con-inner\">\n\t\t\t\t<div class=\"elementor-element elementor-element-fb5d6d0 elementor-widget elementor-widget-text-editor\" data-id=\"fb5d6d0\" data-element_type=\"widget\" data-widget_type=\"text-editor.default\">\n\t\t\t\t<div class=\"elementor-widget-container\">\n\t\t\t\t\t\t\t\t\t<p>Num mundo saturado de informa\u00e7\u00e3o, cor, est\u00edmulo e ru\u00eddo, a escolha de um <strong>branco<\/strong> como protagonista global n\u00e3o \u00e9 neutra. \u00c9 um statement!<\/p><p>Quando a Pantone escolhe uma cor do ano, ela n\u00e3o est\u00e1 apenas sugerindo qual tom veremos em vitrines, cole\u00e7\u00f5es c\u00e1psula ou cat\u00e1logos de interiores. Ela est\u00e1, em alguma medida, traduzindo <strong>o clima emocional do mundo<\/strong> em um c\u00f3digo visual. Em 2026, esse c\u00f3digo \u00e9 Cloud Dancer \u2013 um branco et\u00e9reo, calmo e luminoso, descrito como um tom sereno que limpa o campo visual e mental. Em meio \u00e0 hiperacelera\u00e7\u00e3o da tecnologia, \u00e0 satura\u00e7\u00e3o de est\u00edmulos e ao cansa\u00e7o coletivo com o excesso, a escolha de um branco n\u00e3o \u00e9 neutra: \u00e9 quase um manifesto.<\/p>\t\t\t\t\t\t\t\t<\/div>\n\t\t\t\t<\/div>\n\t\t\t\t<div class=\"elementor-element elementor-element-9d13d02 elementor-widget elementor-widget-image\" data-id=\"9d13d02\" data-element_type=\"widget\" data-widget_type=\"image.default\">\n\t\t\t\t<div class=\"elementor-widget-container\">\n\t\t\t\t\t\t\t\t\t\t\t\t<figure class=\"wp-caption\">\n\t\t\t\t\t\t\t\t\t\t<img fetchpriority=\"high\" decoding=\"async\" width=\"1640\" height=\"921\" src=\"https:\/\/bravebranding.com.br\/wp-content\/uploads\/2025\/12\/Screenshot-2025-12-04-at-14.40.55.png\" class=\"attachment-full size-full wp-image-990048\" alt=\"\" srcset=\"https:\/\/bravebranding.com.br\/wp-content\/uploads\/2025\/12\/Screenshot-2025-12-04-at-14.40.55.png 1640w, https:\/\/bravebranding.com.br\/wp-content\/uploads\/2025\/12\/Screenshot-2025-12-04-at-14.40.55-300x168.png 300w, https:\/\/bravebranding.com.br\/wp-content\/uploads\/2025\/12\/Screenshot-2025-12-04-at-14.40.55-1024x575.png 1024w, https:\/\/bravebranding.com.br\/wp-content\/uploads\/2025\/12\/Screenshot-2025-12-04-at-14.40.55-768x431.png 768w, https:\/\/bravebranding.com.br\/wp-content\/uploads\/2025\/12\/Screenshot-2025-12-04-at-14.40.55-1536x863.png 1536w\" sizes=\"(max-width: 1640px) 100vw, 1640px\" \/>\t\t\t\t\t\t\t\t\t\t\t<figcaption class=\"widget-image-caption wp-caption-text\">Divulga\u00e7\u00e3o Oficial Site Pantone<\/figcaption>\n\t\t\t\t\t\t\t\t\t\t<\/figure>\n\t\t\t\t\t\t\t\t\t<\/div>\n\t\t\t\t<\/div>\n\t\t\t\t<div class=\"elementor-element elementor-element-2956a03 elementor-widget elementor-widget-text-editor\" data-id=\"2956a03\" data-element_type=\"widget\" data-widget_type=\"text-editor.default\">\n\t\t\t\t<div class=\"elementor-widget-container\">\n\t\t\t\t\t\t\t\t\t<p>Na Brave, que vive branding como gest\u00e3o de percep\u00e7\u00e3o e experi\u00eancia, olhar para movimentos como o <strong>Pantone Color of the Year<\/strong> n\u00e3o \u00e9 seguir tend\u00eancia superficial. \u00c9 ler um term\u00f4metro de comportamento. Cor \u00e9 linguagem, mas tamb\u00e9m \u00e9 estrat\u00e9gia. Ela influencia como as pessoas se sentem, como avaliam uma marca, quanto confiam em um produto e at\u00e9 quanto tempo permanecem em um ambiente f\u00edsico ou digital. Falar de Cloud Dancer \u00e9 falar de <strong>clareza, confian\u00e7a, calma e espa\u00e7o mental<\/strong> \u2013 exatamente o que o consumidor do futuro tem buscado com urg\u00eancia.<\/p><p>Este artigo \u00e9 um mergulho na intersec\u00e7\u00e3o entre cor, comportamento e neg\u00f3cio. N\u00e3o para \u201cpintar tudo de branco\u201d, mas para entender por que um branco como Cloud Dancer diz tanto sobre o momento em que vivemos \u2013 e como ele pode se tornar uma ferramenta poderosa para marcas de <strong>sa\u00fade e ci\u00eancia, moda, advocacia e arquitetura<\/strong>, especialmente quando dialoga com outra protagonista do ano: <strong>Transformative Teal<\/strong>, eleita pela Coloro\/WGSN.<\/p>\t\t\t\t\t\t\t\t<\/div>\n\t\t\t\t<\/div>\n\t\t\t\t<div class=\"elementor-element elementor-element-7e25c2e elementor-widget elementor-widget-spacer\" data-id=\"7e25c2e\" data-element_type=\"widget\" data-widget_type=\"spacer.default\">\n\t\t\t\t<div class=\"elementor-widget-container\">\n\t\t\t\t\t\t\t<div class=\"elementor-spacer\">\n\t\t\t<div class=\"elementor-spacer-inner\"><\/div>\n\t\t<\/div>\n\t\t\t\t\t\t<\/div>\n\t\t\t\t<\/div>\n\t\t\t\t<div class=\"vamtam-has-theme-widget-styles elementor-element elementor-element-5a64048 elementor-widget elementor-widget-heading\" data-id=\"5a64048\" data-element_type=\"widget\" data-widget_type=\"heading.default\">\n\t\t\t\t<div class=\"elementor-widget-container\">\n\t\t\t\t\t<h2 class=\"elementor-heading-title elementor-size-default\">Por que a cor do ano Pantone importa mais do que parece?<\/h2>\t\t\t\t<\/div>\n\t\t\t\t<\/div>\n\t\t\t\t<div class=\"vamtam-has-theme-widget-styles elementor-element elementor-element-c49889c elementor-widget elementor-widget-heading\" data-id=\"c49889c\" data-element_type=\"widget\" data-widget_type=\"heading.default\">\n\t\t\t\t<div class=\"elementor-widget-container\">\n\t\t\t\t\t<h3 class=\"elementor-heading-title elementor-size-default\">Antes de tudo: por que a cor do ano Pantone\u00a0\nimporta para neg\u00f3cios?<\/h3>\t\t\t\t<\/div>\n\t\t\t\t<\/div>\n\t\t\t\t<div class=\"elementor-element elementor-element-574c641 elementor-widget elementor-widget-text-editor\" data-id=\"574c641\" data-element_type=\"widget\" data-widget_type=\"text-editor.default\">\n\t\t\t\t<div class=\"elementor-widget-container\">\n\t\t\t\t\t\t\t\t\t<p>Desde o in\u00edcio dos anos 2000, o programa <strong>Pantone Color of the Year<\/strong> se consolidou como um radar que conecta cultura, tecnologia, economia e emo\u00e7\u00e3o em uma \u00fanica vari\u00e1vel: cor. A escolha n\u00e3o surge do nada; \u00e9 fruto de pesquisa em desfiles, rua, entretenimento, pol\u00edtica, arte, comportamento digital e macrotend\u00eancias globais. Ou seja, n\u00e3o \u00e9 simplesmente \u201ca cor que todo mundo vai usar\u201d, mas um <strong>s\u00edmbolo daquilo que o mundo est\u00e1 precisando sentir<\/strong>.<\/p><p>Do ponto de vista de neg\u00f3cios, isso \u00e9 essencial. Cor n\u00e3o \u00e9 enfeite: \u00e9 infraestrutura emocional da marca. Ela interfere na forma como percebemos pre\u00e7o, qualidade, proximidade, autoridade e at\u00e9 risco. Ambientes saturados de vermelho e amarelo tendem a estimular comportamentos mais agressivos; paletas mais frias e claras acalmam, convidam \u00e0 perman\u00eancia, \u00e0 leitura, \u00e0 reflex\u00e3o. Em e-commerces, a inconsist\u00eancia entre a cor percebida na tela e a cor real do produto \u00e9 uma das grandes raz\u00f5es de devolu\u00e7\u00e3o \u2013 o que significa <strong>custo direto, perda de confian\u00e7a e desgaste de relacionamento<\/strong>.<\/p><p>Quando uma empresa escolhe as cores da sua identidade, do seu app, da sua cl\u00ednica ou do seu showroom, ela est\u00e1 decidindo <strong>que tipo de emo\u00e7\u00e3o quer provocar<\/strong>, <strong>quanto atrito quer introduzir na jornada<\/strong> e <strong>como quer ser memorizada<\/strong>. A Pantone n\u00e3o dita o jogo, mas aponta onde a bola est\u00e1 quicando. Cloud Dancer entra nesse contexto como uma resposta visual a um mundo exausto de ru\u00eddo.<\/p>\t\t\t\t\t\t\t\t<\/div>\n\t\t\t\t<\/div>\n\t\t\t\t<div class=\"elementor-element elementor-element-a7ee8c7 elementor-widget elementor-widget-image\" data-id=\"a7ee8c7\" data-element_type=\"widget\" data-widget_type=\"image.default\">\n\t\t\t\t<div class=\"elementor-widget-container\">\n\t\t\t\t\t\t\t\t\t\t\t\t<figure class=\"wp-caption\">\n\t\t\t\t\t\t\t\t\t\t<img decoding=\"async\" width=\"1516\" height=\"1010\" src=\"https:\/\/bravebranding.com.br\/wp-content\/uploads\/2025\/12\/pantone-2026-color-of-the-year-11-4201-cloud-dancer-index-collaborations-joybird-2.webp\" class=\"attachment-full size-full wp-image-990039\" alt=\"\" srcset=\"https:\/\/bravebranding.com.br\/wp-content\/uploads\/2025\/12\/pantone-2026-color-of-the-year-11-4201-cloud-dancer-index-collaborations-joybird-2.webp 1516w, https:\/\/bravebranding.com.br\/wp-content\/uploads\/2025\/12\/pantone-2026-color-of-the-year-11-4201-cloud-dancer-index-collaborations-joybird-2-300x200.webp 300w, https:\/\/bravebranding.com.br\/wp-content\/uploads\/2025\/12\/pantone-2026-color-of-the-year-11-4201-cloud-dancer-index-collaborations-joybird-2-1024x682.webp 1024w, https:\/\/bravebranding.com.br\/wp-content\/uploads\/2025\/12\/pantone-2026-color-of-the-year-11-4201-cloud-dancer-index-collaborations-joybird-2-768x512.webp 768w\" sizes=\"(max-width: 1516px) 100vw, 1516px\" \/>\t\t\t\t\t\t\t\t\t\t\t<figcaption class=\"widget-image-caption wp-caption-text\">Divulga\u00e7\u00e3o Oficial Site Pantone - Parceria Joybird<\/figcaption>\n\t\t\t\t\t\t\t\t\t\t<\/figure>\n\t\t\t\t\t\t\t\t\t<\/div>\n\t\t\t\t<\/div>\n\t\t\t\t<div class=\"elementor-element elementor-element-eabca8c elementor-widget elementor-widget-text-editor\" data-id=\"eabca8c\" data-element_type=\"widget\" data-widget_type=\"text-editor.default\">\n\t\t\t\t<div class=\"elementor-widget-container\">\n\t\t\t\t\t\t\t\t\t<p>Em suma, do ponto de vista de neg\u00f3cios, cor n\u00e3o \u00e9 detalhe est\u00e9tico. \u00c9 <strong>infraestrutura emocional de marca<\/strong>:<\/p><ul><li>Afeta <strong>humor, aten\u00e7\u00e3o e comportamento<\/strong> em ambientes f\u00edsicos e digitais<\/li><li>Modula <strong>percep\u00e7\u00e3o de pre\u00e7o, qualidade, proximidade e autoridade<\/strong><\/li><li>Impacta <strong>memoriza\u00e7\u00e3o e reconhecimento de marca<\/strong><\/li><li>Interfere em indicadores bem concretos: tempo de perman\u00eancia, convers\u00e3o, engajamento, taxa de retorno de produto etc.<\/li><\/ul><p><a href=\"https:\/\/arxiv.org\/abs\/2504.13857?utm_source=chatgpt.com\">Pesquisas<\/a> recentes mostram que <strong>cores em ambientes digitais influenciam n\u00edveis de agressividade e tipo de intera\u00e7\u00e3o<\/strong>: tons como vermelho, amarelo e preto est\u00e3o associados a comportamentos mais agressivos do que verde ou branco, por exemplo. Ou seja: <strong>paleta visual n\u00e3o \u00e9 s\u00f3 \u201cgosto\u201d \u2014 \u00e9 comportamento humano<\/strong>.<\/p><p>No e-commerce, um <a href=\"https:\/\/nypost.com\/2025\/04\/16\/lifestyle\/the-most-returned-color-of-clothing-revealed-survey\/?utm_source=chatgpt.com\">estudo com 51 milh\u00f5es de reviews<\/a> mostrou que <strong>vermelho \u00e9 a cor mais devolvida em compras online<\/strong>, em grande parte porque a tonalidade real n\u00e3o bate com a expectativa criada pelas fotos. Isso gera <strong>custo direto, frustra\u00e7\u00e3o e perda de confian\u00e7a<\/strong>.<\/p><p>Quando uma empresa escolhe suas cores, ela est\u00e1 decidindo <strong>como quer que as pessoas se sintam<\/strong>, <strong>como quer ser lembrada<\/strong> e <strong>quanto atrito est\u00e1 disposta a gerar na jornada<\/strong>.<\/p>\t\t\t\t\t\t\t\t<\/div>\n\t\t\t\t<\/div>\n\t\t\t\t<div class=\"elementor-element elementor-element-18845fe elementor-widget elementor-widget-spacer\" data-id=\"18845fe\" data-element_type=\"widget\" data-widget_type=\"spacer.default\">\n\t\t\t\t<div class=\"elementor-widget-container\">\n\t\t\t\t\t\t\t<div class=\"elementor-spacer\">\n\t\t\t<div class=\"elementor-spacer-inner\"><\/div>\n\t\t<\/div>\n\t\t\t\t\t\t<\/div>\n\t\t\t\t<\/div>\n\t\t\t\t<div class=\"vamtam-has-theme-widget-styles elementor-element elementor-element-559eb4a elementor-widget elementor-widget-heading\" data-id=\"559eb4a\" data-element_type=\"widget\" data-widget_type=\"heading.default\">\n\t\t\t\t<div class=\"elementor-widget-container\">\n\t\t\t\t\t<h3 class=\"elementor-heading-title elementor-size-default\">Cloud Dancer: o branco que n\u00e3o \u00e9 aus\u00eancia, \u00e9 convite<\/h3>\t\t\t\t<\/div>\n\t\t\t\t<\/div>\n\t\t\t\t<div class=\"elementor-element elementor-element-7f4135f elementor-widget elementor-widget-text-editor\" data-id=\"7f4135f\" data-element_type=\"widget\" data-widget_type=\"text-editor.default\">\n\t\t\t\t<div class=\"elementor-widget-container\">\n\t\t\t\t\t\t\t\t\t<p><strong>Cloud Dancer<\/strong>, segundo a Pantone, \u00e9 um <strong>branco leve, limpo, com aura de calma e paz interior<\/strong>. Outros especialistas o descrevem como um <strong>branco a\u00e9reo, quase et\u00e9reo<\/strong>, que funciona como <strong>\u201ctela em branco\u201d para criatividade e reinven\u00e7\u00e3o<\/strong>.<\/p><p>\u00c9 um branco de <strong>respiro<\/strong>. De <strong>pausa<\/strong>. De <strong>reset emocional<\/strong>.<\/p><p>Cloud Dancer n\u00e3o \u00e9 o branco duro de hospital, nem o branco frio do PDF corporativo. \u00c9 um branco macio, com aura de paz, quase a\u00e9reo. Parece simples \u00e0 primeira vista, mas \u00e9 justamente essa simplicidade que o torna poderoso. Ele funciona como uma <strong>tela em branco cheia de inten\u00e7\u00e3o<\/strong>: abre espa\u00e7o para o que realmente importa aparecer \u2013 produtos, pessoas, narrativas, luz, textura.<\/p>\t\t\t\t\t\t\t\t<\/div>\n\t\t\t\t<\/div>\n\t\t\t\t<div class=\"elementor-element elementor-element-1bbbd93 elementor-widget elementor-widget-image\" data-id=\"1bbbd93\" data-element_type=\"widget\" data-widget_type=\"image.default\">\n\t\t\t\t<div class=\"elementor-widget-container\">\n\t\t\t\t\t\t\t\t\t\t\t\t\t\t\t<img decoding=\"async\" width=\"800\" height=\"623\" src=\"https:\/\/bravebranding.com.br\/wp-content\/uploads\/2025\/12\/COY_ATMOSPHERIC__1_.png\" class=\"attachment-large size-large wp-image-990054\" alt=\"\" srcset=\"https:\/\/bravebranding.com.br\/wp-content\/uploads\/2025\/12\/COY_ATMOSPHERIC__1_.png 800w, https:\/\/bravebranding.com.br\/wp-content\/uploads\/2025\/12\/COY_ATMOSPHERIC__1_-300x234.png 300w, https:\/\/bravebranding.com.br\/wp-content\/uploads\/2025\/12\/COY_ATMOSPHERIC__1_-768x598.png 768w\" sizes=\"(max-width: 800px) 100vw, 800px\" \/>\t\t\t\t\t\t\t\t\t\t\t\t\t\t\t<\/div>\n\t\t\t\t<\/div>\n\t\t\t\t<div class=\"elementor-element elementor-element-d9ac8e6 elementor-widget elementor-widget-text-editor\" data-id=\"d9ac8e6\" data-element_type=\"widget\" data-widget_type=\"text-editor.default\">\n\t\t\t\t<div class=\"elementor-widget-container\">\n\t\t\t\t\t\t\t\t\t<p>Esse branco responde a algumas dores muito claras da \u00e9poca:<\/p><ul><li>estamos saturados de feeds ca\u00f3ticos;<\/li><li>passamos horas mergulhados em interfaces densas;<\/li><li>vivemos num estado de alerta quase permanente.<\/li><li>Acelera\u00e7\u00e3o desenfreada da IA<\/li><li>Not\u00edcias colapsam nossa aten\u00e7\u00e3o<\/li><li>Ambientes digitais s\u00e3o hiperestimulantes<\/li><li>Burnout, ansiedade e fadiga de decis\u00e3o s\u00e3o quase padr\u00e3o<\/li><\/ul><p>\u2026vir com um <strong>branco contemplativo<\/strong> como cor do ano \u00e9 quase um convite coletivo para:<\/p><ul><li>Simplificar<\/li><li>Clarear<\/li><li>Recalibrar<\/li><li>Criar espa\u00e7os de presen\u00e7a e aten\u00e7\u00e3o<\/li><\/ul>\t\t\t\t\t\t\t\t<\/div>\n\t\t\t\t<\/div>\n\t\t\t\t<div class=\"vamtam-has-theme-widget-styles elementor-element elementor-element-0edd5ea elementor-widget elementor-widget-heading\" data-id=\"0edd5ea\" data-element_type=\"widget\" data-widget_type=\"heading.default\">\n\t\t\t\t<div class=\"elementor-widget-container\">\n\t\t\t\t\t<h4 class=\"elementor-heading-title elementor-size-default\">Cloud Dancer \u00e9 menos \u201cfalta de cor\u201d e mais \u201c<b>espa\u00e7o para que outras coisas possam existir com significado\u201d<\/b>.\n<br><br>\nNo branding, isso \u00e9 ouro.<\/h4>\t\t\t\t<\/div>\n\t\t\t\t<\/div>\n\t\t\t\t<div class=\"elementor-element elementor-element-d107c7d elementor-widget elementor-widget-image\" data-id=\"d107c7d\" data-element_type=\"widget\" data-widget_type=\"image.default\">\n\t\t\t\t<div class=\"elementor-widget-container\">\n\t\t\t\t\t\t\t\t\t\t\t\t\t\t\t<img loading=\"lazy\" decoding=\"async\" width=\"800\" height=\"1008\" src=\"https:\/\/bravebranding.com.br\/wp-content\/uploads\/2025\/12\/pantone-2026-color-of-the-year-11-4201-cloud-dancer-index-partner-pura.webp\" class=\"attachment-large size-large wp-image-990045\" alt=\"\" srcset=\"https:\/\/bravebranding.com.br\/wp-content\/uploads\/2025\/12\/pantone-2026-color-of-the-year-11-4201-cloud-dancer-index-partner-pura.webp 800w, https:\/\/bravebranding.com.br\/wp-content\/uploads\/2025\/12\/pantone-2026-color-of-the-year-11-4201-cloud-dancer-index-partner-pura-238x300.webp 238w, https:\/\/bravebranding.com.br\/wp-content\/uploads\/2025\/12\/pantone-2026-color-of-the-year-11-4201-cloud-dancer-index-partner-pura-768x968.webp 768w\" sizes=\"(max-width: 800px) 100vw, 800px\" \/>\t\t\t\t\t\t\t\t\t\t\t\t\t\t\t<\/div>\n\t\t\t\t<\/div>\n\t\t\t\t<div class=\"elementor-element elementor-element-4a14658 elementor-widget elementor-widget-text-editor\" data-id=\"4a14658\" data-element_type=\"widget\" data-widget_type=\"text-editor.default\">\n\t\t\t\t<div class=\"elementor-widget-container\">\n\t\t\t\t\t\t\t\t\t<p>Um tom como Cloud Dancer prop\u00f5e outra postura: <strong>pausa<\/strong>, <strong>respiro<\/strong>, <strong>reorganiza\u00e7\u00e3o da aten\u00e7\u00e3o<\/strong>. No branding, essa \u00e9 uma virada crucial. Marcas que apostam s\u00f3 no est\u00edmulo constante tendem a cansar. Marcas que conseguem ser pontos de calma l\u00facida no meio da confus\u00e3o ganham relev\u00e2ncia, lealdade e tempo de escuta.<\/p><p>Cloud Dancer \u00e9 menos sobre \u201ctirar cor\u201d e mais sobre <strong>dar espa\u00e7o para o significado<\/strong>. Ele abre campo para que outras cores e elementos \u2013 materiais, luz, tipografia, som \u2013 assumam protagonismo com mais clareza. E isso conversa diretamente com o que os estudos sobre o consumidor do futuro v\u00eam apontando: h\u00e1 uma busca intensa por ambientes e experi\u00eancias que n\u00e3o roubem energia, mas devolvam.<\/p>\t\t\t\t\t\t\t\t<\/div>\n\t\t\t\t<\/div>\n\t\t\t\t<div class=\"elementor-element elementor-element-ef9b49c elementor-widget elementor-widget-spacer\" data-id=\"ef9b49c\" data-element_type=\"widget\" data-widget_type=\"spacer.default\">\n\t\t\t\t<div class=\"elementor-widget-container\">\n\t\t\t\t\t\t\t<div class=\"elementor-spacer\">\n\t\t\t<div class=\"elementor-spacer-inner\"><\/div>\n\t\t<\/div>\n\t\t\t\t\t\t<\/div>\n\t\t\t\t<\/div>\n\t\t\t\t<div class=\"vamtam-has-theme-widget-styles elementor-element elementor-element-4e94a23 elementor-widget elementor-widget-heading\" data-id=\"4e94a23\" data-element_type=\"widget\" data-widget_type=\"heading.default\">\n\t\t\t\t<div class=\"elementor-widget-container\">\n\t\t\t\t\t<h3 class=\"elementor-heading-title elementor-size-default\">O consumidor do futuro quer menos ru\u00eddo e mais verdade visual<\/h3>\t\t\t\t<\/div>\n\t\t\t\t<\/div>\n\t\t\t\t<div class=\"elementor-element elementor-element-25da649 elementor-widget elementor-widget-text-editor\" data-id=\"25da649\" data-element_type=\"widget\" data-widget_type=\"text-editor.default\">\n\t\t\t\t<div class=\"elementor-widget-container\">\n\t\t\t\t\t\t\t\t\t<p>Os relat\u00f3rios globais de cor e comportamento, como os da <strong>WGSN\/Coloro<\/strong> e estudos sobre emo\u00e7\u00f5es e design, convergem em alguns pontos: o consumidor do futuro est\u00e1 cansado de excesso, mas n\u00e3o quer minimalismo vazio. Ele quer <strong>menos ru\u00eddo e mais intencionalidade<\/strong>, menos polui\u00e7\u00e3o visual e mais narrativa clara, menos espet\u00e1culo e mais coer\u00eancia.<\/p><p>Isso se traduz em prefer\u00eancias por:<\/p><ul><li>ambientes restaurativos, tanto f\u00edsicos quanto digitais;<\/li><li>marcas que simplificam a tomada de decis\u00e3o;<\/li><li>est\u00e9ticas calmas, por\u00e9m inteligentes, com profundidade conceitual;<\/li><li>visuais que sinalizam transpar\u00eancia e \u00e9tica, n\u00e3o ostenta\u00e7\u00e3o.<\/li><\/ul><p>Cloud Dancer encaixa como um eixo nesse cen\u00e1rio: \u00e9 o tipo de cor que transmite serenidade sem parecer insossa. Quando bem usada, ela diz \u201cestamos aqui, tranquilos, sabendo o que estamos fazendo\u201d. Para marcas que querem construir <strong>confian\u00e7a<\/strong>, <strong>clareza<\/strong> e <strong>relev\u00e2ncia de longo prazo<\/strong>, esse tipo de escolha crom\u00e1tica \u00e9 muito mais estrat\u00e9gica do que seguir o pr\u00f3ximo neon da vez.<\/p>\t\t\t\t\t\t\t\t<\/div>\n\t\t\t\t<\/div>\n\t\t\t\t<div class=\"elementor-element elementor-element-3fff7b1 elementor-widget elementor-widget-spacer\" data-id=\"3fff7b1\" data-element_type=\"widget\" data-widget_type=\"spacer.default\">\n\t\t\t\t<div class=\"elementor-widget-container\">\n\t\t\t\t\t\t\t<div class=\"elementor-spacer\">\n\t\t\t<div class=\"elementor-spacer-inner\"><\/div>\n\t\t<\/div>\n\t\t\t\t\t\t<\/div>\n\t\t\t\t<\/div>\n\t\t\t\t<div class=\"vamtam-has-theme-widget-styles elementor-element elementor-element-3cc88a1 elementor-widget elementor-widget-heading\" data-id=\"3cc88a1\" data-element_type=\"widget\" data-widget_type=\"heading.default\">\n\t\t\t\t<div class=\"elementor-widget-container\">\n\t\t\t\t\t<h3 class=\"elementor-heading-title elementor-size-default\">Sa\u00fade e ci\u00eancia: do branco que afasta ao branco que acolhe<\/h3>\t\t\t\t<\/div>\n\t\t\t\t<\/div>\n\t\t\t\t<div class=\"elementor-element elementor-element-4fe4280 elementor-widget elementor-widget-text-editor\" data-id=\"4fe4280\" data-element_type=\"widget\" data-widget_type=\"text-editor.default\">\n\t\t\t\t<div class=\"elementor-widget-container\">\n\t\t\t\t\t\t\t\t\t<p>No universo da sa\u00fade e da ci\u00eancia, o branco sempre foi protagonista. Ele comunica assepsia, precis\u00e3o, t\u00e9cnica. Mas, na pr\u00e1tica, muitos ambientes e marcas acabaram construindo uma experi\u00eancia visual que refor\u00e7a medo, dist\u00e2ncia e frieza. A cl\u00ednica parece um lugar onde algo pode dar errado a qualquer momento; o laborat\u00f3rio, uma m\u00e1quina despersonalizada.<\/p><p>Cloud Dancer oferece uma alternativa. Ao inv\u00e9s de um branco duro, ele traz um branco mais suave, que ainda carrega limpeza e ordem, mas com um tom de humanidade. Em identidades visuais, pode servir como base para azuis e verdes terap\u00eauticos, criando um equil\u00edbrio entre <strong>ci\u00eancia de ponta<\/strong> e <strong>cuidado sens\u00edvel<\/strong>. Em arquiteturas de cl\u00ednicas e laborat\u00f3rios, pode ser aplicado em paredes, superf\u00edcies e mobili\u00e1rio de apoio, combinado com madeira clara, ilumina\u00e7\u00e3o quente e pontos de cor controlada. O resultado \u00e9 um ambiente que transmite confian\u00e7a, mas alivia a ansiedade \u2014 algo que impacta diretamente na percep\u00e7\u00e3o da marca e na experi\u00eancia do paciente.<\/p><p>No digital, Cloud Dancer pode ser a base de dashboards, plataformas de telemedicina e sites de sa\u00fade, melhorando legibilidade, diminuindo o cansa\u00e7o visual e refor\u00e7ando a ideia de <strong>organiza\u00e7\u00e3o e transpar\u00eancia de dados<\/strong>. Em segmentos como biotecnologia e diagn\u00f3stico, onde a Brave atua, isso \u00e9 um diferencial competitivo: a marca deixa de parecer distante e passa a se posicionar como aliada.<\/p>\t\t\t\t\t\t\t\t<\/div>\n\t\t\t\t<\/div>\n\t\t\t\t<div class=\"elementor-element elementor-element-d8aa003 elementor-widget elementor-widget-image\" data-id=\"d8aa003\" data-element_type=\"widget\" data-widget_type=\"image.default\">\n\t\t\t\t<div class=\"elementor-widget-container\">\n\t\t\t\t\t\t\t\t\t\t\t\t\t\t\t<img loading=\"lazy\" decoding=\"async\" width=\"900\" height=\"678\" src=\"https:\/\/bravebranding.com.br\/wp-content\/uploads\/2025\/12\/COY_POWDERED_PASTELS__5_.png\" class=\"attachment-large size-large wp-image-990053\" alt=\"\" srcset=\"https:\/\/bravebranding.com.br\/wp-content\/uploads\/2025\/12\/COY_POWDERED_PASTELS__5_.png 900w, https:\/\/bravebranding.com.br\/wp-content\/uploads\/2025\/12\/COY_POWDERED_PASTELS__5_-300x226.png 300w, https:\/\/bravebranding.com.br\/wp-content\/uploads\/2025\/12\/COY_POWDERED_PASTELS__5_-768x579.png 768w\" sizes=\"(max-width: 900px) 100vw, 900px\" \/>\t\t\t\t\t\t\t\t\t\t\t\t\t\t\t<\/div>\n\t\t\t\t<\/div>\n\t\t\t\t<div class=\"elementor-element elementor-element-28f5bd2 elementor-widget elementor-widget-text-editor\" data-id=\"28f5bd2\" data-element_type=\"widget\" data-widget_type=\"text-editor.default\">\n\t\t\t\t<div class=\"elementor-widget-container\">\n\t\t\t\t\t\t\t\t\t<p>Na pr\u00e1tica:<\/p><ul><li><strong>Identidade visual<\/strong>: layouts com Cloud Dancer como base + tipografia estruturada em cinzas e azuis profundos<\/li><li><strong>Arquitetura de cl\u00ednicas e labs<\/strong>: paredes em Cloud Dancer + madeira clara + ilumina\u00e7\u00e3o quente \u2192 menos ansiedade, mais confian\u00e7a<\/li><li><strong>Produto e embalagem cient\u00edfica<\/strong>: r\u00f3tulos que usam Cloud Dancer para destacar informa\u00e7\u00e3o cr\u00edtica com legibilidade e serenidade<\/li><\/ul><p>Aqui, cor vira <strong>estrat\u00e9gia de redu\u00e7\u00e3o de tens\u00e3o<\/strong> \u2014 e isso impacta diretamente percep\u00e7\u00e3o de qualidade e confian\u00e7a em sa\u00fade.<\/p>\t\t\t\t\t\t\t\t<\/div>\n\t\t\t\t<\/div>\n\t\t\t\t<div class=\"elementor-element elementor-element-7d1164c elementor-widget elementor-widget-spacer\" data-id=\"7d1164c\" data-element_type=\"widget\" data-widget_type=\"spacer.default\">\n\t\t\t\t<div class=\"elementor-widget-container\">\n\t\t\t\t\t\t\t<div class=\"elementor-spacer\">\n\t\t\t<div class=\"elementor-spacer-inner\"><\/div>\n\t\t<\/div>\n\t\t\t\t\t\t<\/div>\n\t\t\t\t<\/div>\n\t\t\t\t<div class=\"vamtam-has-theme-widget-styles elementor-element elementor-element-dd62b77 elementor-widget elementor-widget-heading\" data-id=\"dd62b77\" data-element_type=\"widget\" data-widget_type=\"heading.default\">\n\t\t\t\t<div class=\"elementor-widget-container\">\n\t\t\t\t\t<h3 class=\"elementor-heading-title elementor-size-default\">Moda e beleza: o branco como palco do \u201cquiet luxury sensorial\u201d<\/h3>\t\t\t\t<\/div>\n\t\t\t\t<\/div>\n\t\t\t\t<div class=\"elementor-element elementor-element-2e64994 elementor-widget elementor-widget-text-editor\" data-id=\"2e64994\" data-element_type=\"widget\" data-widget_type=\"text-editor.default\">\n\t\t\t\t<div class=\"elementor-widget-container\">\n\t\t\t\t\t\t\t\t\t<p>Na moda, o branco sempre teve um papel c\u00edclico, mas o contexto atual \u00e9 particular. Depois de anos de exagero gr\u00e1fico, o desejo por imagens que respiram est\u00e1 evidente nas campanhas mais inteligentes. Cloud Dancer se encaixa nesse movimento de <strong>quiet luxury<\/strong>, mas com uma camada sensorial mais suave: ele n\u00e3o \u00e9 o branco cl\u00ednico da fotografia de cat\u00e1logo, e sim o branco da luz natural entrando pela janela.<\/p><p>Campanhas com fundos em Cloud Dancer permitem que a textura das roupas, o brilho da pele e os detalhes dos acess\u00f3rios se destaquem sem disputar aten\u00e7\u00e3o com o cen\u00e1rio. Em embalagens, esse branco funciona como base para relevos, hot stamping, vernizes localizados e cores profundas, criando um di\u00e1logo sofisticado entre minimalismo e intensidade. Ele comunica um luxo mais silencioso, mais maduro, menos ansioso.<\/p><p>Em e-commerce, paletas claras e bem calibradas reduzem a sensa\u00e7\u00e3o de sobrecarga e ajudam na leitura de informa\u00e7\u00f5es, especialmente em fichas t\u00e9cnicas e comparativos. Em um contexto em que a cor real do produto j\u00e1 \u00e9 um fator cr\u00edtico para devolu\u00e7\u00f5es, construir fundos confi\u00e1veis, neutros e consistentes \u00e9 parte direta do ROI da marca.<\/p>\t\t\t\t\t\t\t\t<\/div>\n\t\t\t\t<\/div>\n\t\t\t\t<div class=\"elementor-element elementor-element-e75447c elementor-widget elementor-widget-image\" data-id=\"e75447c\" data-element_type=\"widget\" data-widget_type=\"image.default\">\n\t\t\t\t<div class=\"elementor-widget-container\">\n\t\t\t\t\t\t\t\t\t\t\t\t\t\t\t<img loading=\"lazy\" decoding=\"async\" width=\"800\" height=\"603\" src=\"https:\/\/bravebranding.com.br\/wp-content\/uploads\/2025\/12\/COY_LIGHT___SHADOW__9_.png\" class=\"attachment-large size-large wp-image-990038\" alt=\"\" srcset=\"https:\/\/bravebranding.com.br\/wp-content\/uploads\/2025\/12\/COY_LIGHT___SHADOW__9_.png 800w, https:\/\/bravebranding.com.br\/wp-content\/uploads\/2025\/12\/COY_LIGHT___SHADOW__9_-300x226.png 300w, https:\/\/bravebranding.com.br\/wp-content\/uploads\/2025\/12\/COY_LIGHT___SHADOW__9_-768x579.png 768w\" sizes=\"(max-width: 800px) 100vw, 800px\" \/>\t\t\t\t\t\t\t\t\t\t\t\t\t\t\t<\/div>\n\t\t\t\t<\/div>\n\t\t\t\t<div class=\"elementor-element elementor-element-fac5863 elementor-widget elementor-widget-text-editor\" data-id=\"fac5863\" data-element_type=\"widget\" data-widget_type=\"text-editor.default\">\n\t\t\t\t<div class=\"elementor-widget-container\">\n\t\t\t\t\t\t\t\t\t<p>Aplica\u00e7\u00f5es claras:<\/p><ul><li><strong>Campanhas editoriais<\/strong>: fundos em Cloud Dancer que valorizam textura, movimento e materialidade<\/li><li><strong>Embalagens<\/strong>: frascos, caixas e cases que utilizam esse branco como base, permitindo acentos em metais, cores profundas ou Transformative Teal<\/li><li><strong>E-commerce<\/strong>: p\u00e1ginas de produto mais limpas, com fundo Cloud Dancer, melhorando leitura, foco e reduzindo distra\u00e7\u00e3o<\/li><\/ul><p>Numa internet saturada de tudo, <strong>o look \u201crespirado\u201d \u00e9 o que se destaca<\/strong><\/p>\t\t\t\t\t\t\t\t<\/div>\n\t\t\t\t<\/div>\n\t\t\t\t<div class=\"elementor-element elementor-element-f029aa7 elementor-widget elementor-widget-spacer\" data-id=\"f029aa7\" data-element_type=\"widget\" data-widget_type=\"spacer.default\">\n\t\t\t\t<div class=\"elementor-widget-container\">\n\t\t\t\t\t\t\t<div class=\"elementor-spacer\">\n\t\t\t<div class=\"elementor-spacer-inner\"><\/div>\n\t\t<\/div>\n\t\t\t\t\t\t<\/div>\n\t\t\t\t<\/div>\n\t\t\t\t<div class=\"vamtam-has-theme-widget-styles elementor-element elementor-element-aaf6141 elementor-widget elementor-widget-heading\" data-id=\"aaf6141\" data-element_type=\"widget\" data-widget_type=\"heading.default\">\n\t\t\t\t<div class=\"elementor-widget-container\">\n\t\t\t\t\t<h3 class=\"elementor-heading-title elementor-size-default\">Advocacias: do bunker jur\u00eddico \u00e0 parceria estrat\u00e9gica<\/h3>\t\t\t\t<\/div>\n\t\t\t\t<\/div>\n\t\t\t\t<div class=\"elementor-element elementor-element-825e6d7 elementor-widget elementor-widget-text-editor\" data-id=\"825e6d7\" data-element_type=\"widget\" data-widget_type=\"text-editor.default\">\n\t\t\t\t<div class=\"elementor-widget-container\">\n\t\t\t\t\t\t\t\t\t<p>O universo jur\u00eddico sempre trabalhou com uma cartela previs\u00edvel: azuis escuros, pretos, cinzas, um bordeau aqui e ali. Isso refor\u00e7a tradi\u00e7\u00e3o e autoridade, mas muitas vezes tamb\u00e9m comunica dist\u00e2ncia, dureza e um certo \u201cn\u00e3o-encoste\u201d. Em um cen\u00e1rio onde escrit\u00f3rios querem se posicionar como <strong>parceiros estrat\u00e9gicos de neg\u00f3cios<\/strong>, e n\u00e3o apenas defensores reativos, essa est\u00e9tica come\u00e7a a pesar.<\/p><p>Introduzir Cloud Dancer na linguagem visual de um escrit\u00f3rio \u2014 seja no site, no material institucional ou no pr\u00f3prio ambiente f\u00edsico \u2014 \u00e9 uma forma de deslocar essa percep\u00e7\u00e3o. N\u00e3o se trata de \u201cclarear tudo\u201d e perder densidade, mas de usar esse branco como base para conte\u00fados complexos, tipografia robusta e acentos de cor que sinalizam sofistica\u00e7\u00e3o. O resultado \u00e9 um espa\u00e7o (digital ou f\u00edsico) em que o cliente consegue respirar, entender, se orientar.<\/p><p>Salas de reuni\u00e3o, recep\u00e7\u00f5es, \u00e1reas de conviv\u00eancia e at\u00e9 materiais impressos em Cloud Dancer, combinados com mobili\u00e1rio bem desenhado e arte sutil, tiram o escrit\u00f3rio da l\u00f3gica do bunker e o levam para o lugar de <strong>hub estrat\u00e9gico<\/strong>. A cor, aqui, n\u00e3o \u00e9 est\u00e9tica gratuita: \u00e9 parte da constru\u00e7\u00e3o de confian\u00e7a e da redu\u00e7\u00e3o de barreiras entre cliente e escrit\u00f3rio.<\/p>\t\t\t\t\t\t\t\t<\/div>\n\t\t\t\t<\/div>\n\t\t\t\t<div class=\"elementor-element elementor-element-5c4b797 elementor-widget elementor-widget-spacer\" data-id=\"5c4b797\" data-element_type=\"widget\" data-widget_type=\"spacer.default\">\n\t\t\t\t<div class=\"elementor-widget-container\">\n\t\t\t\t\t\t\t<div class=\"elementor-spacer\">\n\t\t\t<div class=\"elementor-spacer-inner\"><\/div>\n\t\t<\/div>\n\t\t\t\t\t\t<\/div>\n\t\t\t\t<\/div>\n\t\t\t\t<div class=\"vamtam-has-theme-widget-styles elementor-element elementor-element-cd43104 elementor-widget elementor-widget-heading\" data-id=\"cd43104\" data-element_type=\"widget\" data-widget_type=\"heading.default\">\n\t\t\t\t<div class=\"elementor-widget-container\">\n\t\t\t\t\t<h3 class=\"elementor-heading-title elementor-size-default\">Arquitetura e interiores: a cor que d\u00e1 palco \u00e0 vida<\/h3>\t\t\t\t<\/div>\n\t\t\t\t<\/div>\n\t\t\t\t<div class=\"elementor-element elementor-element-9a54c04 elementor-widget elementor-widget-text-editor\" data-id=\"9a54c04\" data-element_type=\"widget\" data-widget_type=\"text-editor.default\">\n\t\t\t\t<div class=\"elementor-widget-container\">\n\t\t\t\t\t\t\t\t\t<p>Se tem um universo em que Cloud Dancer nasce quase natural \u00e9 o da arquitetura e do design de interiores. A imprensa de design vem mostrando, h\u00e1 anos, como tons claros e bem escolhidos s\u00e3o capazes de transformar completamente a percep\u00e7\u00e3o de amplitude, bem-estar e luz em uma casa. N\u00e3o \u00e9 o \u201ctudo branco\u201d sem crit\u00e9rio; \u00e9 o uso de um branco que valoriza a luz, os materiais e os vazios.<\/p><p>Em projetos residenciais, Cloud Dancer pode aparecer em paredes, tetos e grandes superf\u00edcies, deixando que a personalidade venha atrav\u00e9s das texturas: madeira, pedra, tecidos naturais, pe\u00e7as de design e arte. Esse branco vira palco para a vida acontecer. Em ambientes comerciais \u2013 caf\u00e9s, consult\u00f3rios, lojas, showrooms \u2013 ele ajuda a destacar produto, servi\u00e7o e narrativa, em vez de competir com eles.<\/p><p>Em escrit\u00f3rios e ambientes corporativos, h\u00e1 uma oportunidade real de usar Cloud Dancer como base de \u00e1reas onde foco e descanso mental precisam coexistir: salas de reuni\u00e3o, espa\u00e7os de concentra\u00e7\u00e3o, lugares de pausa. Em tempos de burnout generalizado, oferecer um ambiente visualmente mais gentil n\u00e3o \u00e9 detalhe, \u00e9 pol\u00edtica de cuidado com as pessoas \u2013 e isso se converte em reten\u00e7\u00e3o, produtividade e percep\u00e7\u00e3o de marca empregadora.<\/p>\t\t\t\t\t\t\t\t<\/div>\n\t\t\t\t<\/div>\n\t\t\t\t<div class=\"elementor-element elementor-element-995c026 elementor-widget elementor-widget-image\" data-id=\"995c026\" data-element_type=\"widget\" data-widget_type=\"image.default\">\n\t\t\t\t<div class=\"elementor-widget-container\">\n\t\t\t\t\t\t\t\t\t\t\t\t\t\t\t<img loading=\"lazy\" decoding=\"async\" width=\"1024\" height=\"841\" src=\"https:\/\/bravebranding.com.br\/wp-content\/uploads\/2025\/12\/pantone-2026-color-of-the-year-11-4201-cloud-dancer-joybird-sectional-with-tray-1024x841.webp\" class=\"attachment-large size-large wp-image-990047\" alt=\"\" srcset=\"https:\/\/bravebranding.com.br\/wp-content\/uploads\/2025\/12\/pantone-2026-color-of-the-year-11-4201-cloud-dancer-joybird-sectional-with-tray-1024x841.webp 1024w, https:\/\/bravebranding.com.br\/wp-content\/uploads\/2025\/12\/pantone-2026-color-of-the-year-11-4201-cloud-dancer-joybird-sectional-with-tray-300x246.webp 300w, https:\/\/bravebranding.com.br\/wp-content\/uploads\/2025\/12\/pantone-2026-color-of-the-year-11-4201-cloud-dancer-joybird-sectional-with-tray-768x631.webp 768w, https:\/\/bravebranding.com.br\/wp-content\/uploads\/2025\/12\/pantone-2026-color-of-the-year-11-4201-cloud-dancer-joybird-sectional-with-tray.webp 1224w\" sizes=\"(max-width: 1024px) 100vw, 1024px\" \/>\t\t\t\t\t\t\t\t\t\t\t\t\t\t\t<\/div>\n\t\t\t\t<\/div>\n\t\t\t\t<div class=\"elementor-element elementor-element-74e6c52 elementor-widget elementor-widget-text-editor\" data-id=\"74e6c52\" data-element_type=\"widget\" data-widget_type=\"text-editor.default\">\n\t\t\t\t<div class=\"elementor-widget-container\">\n\t\t\t\t\t\t\t\t\t<p>Aplica\u00e7\u00f5es pr\u00e1ticas:<\/p><ul><li><strong>Residencial<\/strong>: paredes em Cloud Dancer com varia\u00e7\u00f5es de textura (stucco, cal, microcimento) + mobili\u00e1rio em madeira clara + tecidos naturais \u2192 sensa\u00e7\u00e3o de ref\u00fagio contempor\u00e2neo<\/li><li><strong>Comercial<\/strong>: lojas, caf\u00e9s, consult\u00f3rios e showrooms que usam esse branco como base para destacar produto, arte, objetos<\/li><li><strong>Corporate<\/strong>: escrit\u00f3rios que equilibram foco e descanso mental com \u00e1reas de pausa em paletas claras e confort\u00e1veis<\/li><\/ul><p>Cloud Dancer n\u00e3o \u00e9 um \u201cn\u00e3o lugar\u201d: \u00e9 um <strong>campo neutro (nada neutro) cheio de inten\u00e7\u00e3o<\/strong>.<\/p>\t\t\t\t\t\t\t\t<\/div>\n\t\t\t\t<\/div>\n\t\t\t\t<div class=\"elementor-element elementor-element-d6d7cdc elementor-widget elementor-widget-spacer\" data-id=\"d6d7cdc\" data-element_type=\"widget\" data-widget_type=\"spacer.default\">\n\t\t\t\t<div class=\"elementor-widget-container\">\n\t\t\t\t\t\t\t<div class=\"elementor-spacer\">\n\t\t\t<div class=\"elementor-spacer-inner\"><\/div>\n\t\t<\/div>\n\t\t\t\t\t\t<\/div>\n\t\t\t\t<\/div>\n\t\t\t\t<div class=\"vamtam-has-theme-widget-styles elementor-element elementor-element-29cb8ae elementor-widget elementor-widget-heading\" data-id=\"29cb8ae\" data-element_type=\"widget\" data-widget_type=\"heading.default\">\n\t\t\t\t<div class=\"elementor-widget-container\">\n\t\t\t\t\t<h3 class=\"elementor-heading-title elementor-size-default\">Quando Pantone encontra Coloro: Cloud Dancer + Transformative Teal<\/h3>\t\t\t\t<\/div>\n\t\t\t\t<\/div>\n\t\t\t\t<div class=\"elementor-element elementor-element-15ea9d5 elementor-widget elementor-widget-image\" data-id=\"15ea9d5\" data-element_type=\"widget\" data-widget_type=\"image.default\">\n\t\t\t\t<div class=\"elementor-widget-container\">\n\t\t\t\t\t\t\t\t\t\t\t\t\t\t\t<img loading=\"lazy\" decoding=\"async\" width=\"1024\" height=\"1024\" src=\"https:\/\/bravebranding.com.br\/wp-content\/uploads\/2025\/12\/pantone26Brave2.jpg\" class=\"attachment-large size-large wp-image-990057\" alt=\"\" srcset=\"https:\/\/bravebranding.com.br\/wp-content\/uploads\/2025\/12\/pantone26Brave2.jpg 1024w, https:\/\/bravebranding.com.br\/wp-content\/uploads\/2025\/12\/pantone26Brave2-300x300.jpg 300w, https:\/\/bravebranding.com.br\/wp-content\/uploads\/2025\/12\/pantone26Brave2-150x150.jpg 150w, https:\/\/bravebranding.com.br\/wp-content\/uploads\/2025\/12\/pantone26Brave2-768x768.jpg 768w\" sizes=\"(max-width: 1024px) 100vw, 1024px\" \/>\t\t\t\t\t\t\t\t\t\t\t\t\t\t\t<\/div>\n\t\t\t\t<\/div>\n\t\t\t\t<div class=\"elementor-element elementor-element-3434c79 elementor-widget elementor-widget-text-editor\" data-id=\"3434c79\" data-element_type=\"widget\" data-widget_type=\"text-editor.default\">\n\t\t\t\t<div class=\"elementor-widget-container\">\n\t\t\t\t\t\t\t\t\t<p>Se voc\u00ea est\u00e1 por dentro e acompanhando o avan\u00e7o das percep\u00e7\u00f5es de valor e consci\u00eancia global, j\u00e1 percebeu que existem diferentes fatores e padr\u00f5es.<\/p><p>Enquanto a Pantone aponta <strong>Cloud Dancer<\/strong> como a cor de 2026, a dupla <strong>WGSN + Coloro<\/strong> elegeu <strong>Transformative Teal<\/strong>como sua Color of the Year \u2013 um teal profundo, entre azul e verde, que fala de transforma\u00e7\u00e3o, cura, reconex\u00e3o entre tecnologia e natureza. Quando colocamos essas duas cores lado a lado, o quadro fica ainda mais interessante.<\/p><p>Cloud Dancer traz clareza, respiro, espa\u00e7o mental.<\/p><p>Transformative Teal traz profundidade, regenera\u00e7\u00e3o, densidade emocional.<\/p><p>Visualmente, \u00e9 o encontro entre <strong>superf\u00edcie e mergulho<\/strong>. Estrategicamente, \u00e9 o casamento perfeito entre <strong>transpar\u00eancia e pot\u00eancia<\/strong>.<\/p><p>Na sa\u00fade e na ci\u00eancia, essa dupla pode estruturar identidades que s\u00e3o, ao mesmo tempo, altamente tecnol\u00f3gicas e profundamente humanas: Cloud Dancer nas bases e fundos, Transformative Teal nos pontos de foco \u2014 bot\u00f5es, infogr\u00e1ficos, \u00e1reas de destaque. Na moda, o branco et\u00e9reo como atmosfera e o teal transformador nas pe\u00e7as-chave, nos detalhes de embalagem, em pontos inesperados. Na arquitetura, ambientes predominantemente Cloud Dancer com volumes em Transformative Teal conduzindo o olhar e criando momentos de impacto.<\/p><p>Mais do que \u201cduas cores bonitas\u201d, estamos falando de um <strong>sistema simb\u00f3lico<\/strong> que resume bem as grandes tens\u00f5es do nosso tempo: precisamos de calma, mas tamb\u00e9m de movimento; de sil\u00eancio, mas tamb\u00e9m de posicionamento; de leveza, mas tamb\u00e9m de profundidade.<\/p>\t\t\t\t\t\t\t\t<\/div>\n\t\t\t\t<\/div>\n\t\t\t\t<div class=\"elementor-element elementor-element-abed70e elementor-widget elementor-widget-spacer\" data-id=\"abed70e\" data-element_type=\"widget\" data-widget_type=\"spacer.default\">\n\t\t\t\t<div class=\"elementor-widget-container\">\n\t\t\t\t\t\t\t<div class=\"elementor-spacer\">\n\t\t\t<div class=\"elementor-spacer-inner\"><\/div>\n\t\t<\/div>\n\t\t\t\t\t\t<\/div>\n\t\t\t\t<\/div>\n\t\t\t\t<div class=\"vamtam-has-theme-widget-styles elementor-element elementor-element-f07bb4d elementor-widget elementor-widget-heading\" data-id=\"f07bb4d\" data-element_type=\"widget\" data-widget_type=\"heading.default\">\n\t\t\t\t<div class=\"elementor-widget-container\">\n\t\t\t\t\t<h3 class=\"elementor-heading-title elementor-size-default\">Cor, branding e ROI: por tr\u00e1s da paleta, uma tese<\/h3>\t\t\t\t<\/div>\n\t\t\t\t<\/div>\n\t\t\t\t<div class=\"elementor-element elementor-element-db5ba58 elementor-widget elementor-widget-text-editor\" data-id=\"db5ba58\" data-element_type=\"widget\" data-widget_type=\"text-editor.default\">\n\t\t\t\t<div class=\"elementor-widget-container\">\n\t\t\t\t\t\t\t\t\t<p>Trazer discuss\u00f5es sobre <strong>Pantone 2026 \u2013 Cloud Dancer<\/strong> para dentro da estrat\u00e9gia das empresas n\u00e3o \u00e9 capricho est\u00e9tico. \u00c9 neg\u00f3cio.<\/p><p>Quando trazemos a discuss\u00e3o sobre Pantone, Coloro e tend\u00eancias de cor para dentro do branding, n\u00e3o estamos \u201cenfeitando\u201d a estrat\u00e9gia. Estamos nomeando algo que j\u00e1 acontece: a forma como a marca escolhe suas cores impacta diretamente seus resultados.<\/p><p>Uma paleta bem constru\u00edda:<\/p><ul><li>diminui ru\u00eddo cognitivo e facilita leitura em interfaces complexas;<\/li><li>aumenta percep\u00e7\u00e3o de qualidade e coer\u00eancia, especialmente em segmentos de alto valor agregado;<\/li><li>reduz frustra\u00e7\u00e3o de compra, quando alinhada \u00e0 realidade f\u00edsica dos produtos;<\/li><li>cria ambientes que modulam bem-estar, foco e comportamento \u2013 o que influencia desde o tempo de perman\u00eancia em loja at\u00e9 a experi\u00eancia de consulta m\u00e9dica.<\/li><\/ul><p>Em mercados competitivos, onde produtos e servi\u00e7os tendem a se igualar tecnicamente, esse tipo de detalhe deixa de ser detalhe. \u00c9 diferencial estrat\u00e9gico. A cor se torna parte do <strong>contrato emocional<\/strong> entre a marca e a pessoa.<\/p><p>No fim, uma paleta de cor coerente e intencional \u00e9:<\/p><ul><li><strong>Ativo intang\u00edvel de marca<\/strong><\/li><li><strong>Ferramenta de diferencia\u00e7\u00e3o competitiva<\/strong><\/li><li><strong>Alavanca direta em ROI<\/strong>, seja pelo aumento de percep\u00e7\u00e3o de qualidade, pela redu\u00e7\u00e3o de fric\u00e7\u00e3o ou pela reten\u00e7\u00e3o emocional dos clientes<\/li><\/ul><p>Marcas que ignoram isso <strong>continuam gritando num mundo que est\u00e1 pedindo sil\u00eancio qualificado<\/strong>.<\/p>\t\t\t\t\t\t\t\t<\/div>\n\t\t\t\t<\/div>\n\t\t\t\t<div class=\"elementor-element elementor-element-75c1ee8 elementor-widget elementor-widget-spacer\" data-id=\"75c1ee8\" data-element_type=\"widget\" data-widget_type=\"spacer.default\">\n\t\t\t\t<div class=\"elementor-widget-container\">\n\t\t\t\t\t\t\t<div class=\"elementor-spacer\">\n\t\t\t<div class=\"elementor-spacer-inner\"><\/div>\n\t\t<\/div>\n\t\t\t\t\t\t<\/div>\n\t\t\t\t<\/div>\n\t\t\t\t<div class=\"vamtam-has-theme-widget-styles elementor-element elementor-element-a9da76e elementor-widget elementor-widget-heading\" data-id=\"a9da76e\" data-element_type=\"widget\" data-widget_type=\"heading.default\">\n\t\t\t\t<div class=\"elementor-widget-container\">\n\t\t\t\t\t<h3 class=\"elementor-heading-title elementor-size-default\">Conclus\u00e3o: Cloud Dancer, clareza e o compromisso de desenhar futuros<\/h3>\t\t\t\t<\/div>\n\t\t\t\t<\/div>\n\t\t\t\t<div class=\"elementor-element elementor-element-6cc7e73 elementor-widget elementor-widget-text-editor\" data-id=\"6cc7e73\" data-element_type=\"widget\" data-widget_type=\"text-editor.default\">\n\t\t\t\t<div class=\"elementor-widget-container\">\n\t\t\t\t\t\t\t\t\t<p>Na Brave, n\u00e3o usamos a <a href=\"https:\/\/www.pantone.com\/color-of-the-year\/2026\" target=\"_blank\" rel=\"noopener\"><strong>Cor do Ano Pantone<\/strong><\/a> como um \u201ctemplate\u201d para aplicar em tudo. Usamos como <strong>leitura de contexto<\/strong>.<\/p><p>Cloud Dancer, pra n\u00f3s, n\u00e3o \u00e9 s\u00f3 um branco. \u00c9 um convite:<\/p><ul><li>A construir <strong>marcas que respiram<\/strong>, n\u00e3o s\u00f3 que performam<\/li><li>A criar <strong>sistemas de identidade que respeitam a mente e o tempo das pessoas<\/strong><\/li><li>A desenhar <strong>experi\u00eancias que unem profundidade e clareza<\/strong>, tecnologia e humanidade, produto e prop\u00f3sito<\/li><\/ul><p>Ver um branco como Cloud Dancer assumir o papel de <strong>cor do ano<\/strong> diz muito sobre o tipo de futuro que estamos tentando desenhar. Em vez de mais est\u00edmulo, mais satura\u00e7\u00e3o, mais barulho, o que essa escolha comunica \u00e9 um desejo coletivo por clareza, pausa e reorganiza\u00e7\u00e3o. N\u00e3o um minimalismo vazio, mas uma est\u00e9tica que respeita o tempo, a mente e a sensibilidade de quem olha.<\/p><p>Quando cruzamos Cloud Dancer com Transformative Teal, com os estudos sobre o consumidor do futuro e com as press\u00f5es reais que sa\u00fade, moda, advocacia e arquitetura enfrentam, aparece um padr\u00e3o: as marcas que v\u00e3o permanecer s\u00e3o aquelas que conseguem ser, ao mesmo tempo, <strong>profundas e gentis, inteligentes e acess\u00edveis, tecnol\u00f3gicas e sens\u00edveis<\/strong>. Cor \u00e9 uma das formas mais diretas e silenciosas de contar isso.<\/p><p>Na Brave, nosso trabalho \u00e9 justamente esse: pegar esses sinais de \u00e9poca \u2013 cores, materiais, tecnologias, narrativas \u2013 e transform\u00e1-los em <strong>sistemas vivos de marca<\/strong>. N\u00e3o nos interessa pintar marcas de branco apenas porque \u00e9 tend\u00eancia; nos interessa construir identidades que usem Cloud Dancer, ou qualquer outra cor, como ferramenta estrat\u00e9gica para:<\/p><ul><li>reduzir ru\u00eddo e aumentar compreens\u00e3o;<\/li><li>cuidar de quem consome e de quem trabalha;<\/li><li>gerar impacto cultural e resultado de neg\u00f3cio na mesma medida.<\/li><\/ul><p>No fim, a li\u00e7\u00e3o de 2026 \u00e9 simples e exigente ao mesmo tempo: <strong>clareza \u00e9 o novo luxo<\/strong>. E construir marcas claras, humanas e potentes talvez seja uma das tarefas mais urgentes \u2013 e mais belas \u2013 do nosso tempo.<\/p><p>\u00c9 isso que temos visto a cada esta\u00e7\u00e3o, especialmente nessa \u00faltima d\u00e9cada de experi\u00eancia: o futuro das marcas que v\u00e3o permanecer \u00e9 <strong>mais calmo, mais autoral, mais respons\u00e1vel e, paradoxalmente, mais intenso em significado<\/strong>.<\/p><p><em>Por Isa\u00edas Jacomeli \u2014 fundador da Brave Branding<\/em><\/p>\t\t\t\t\t\t\t\t<\/div>\n\t\t\t\t<\/div>\n\t\t\t\t\t<\/div>\n\t\t\t\t<\/div>\n\t\t\t\t<\/div>\n\t\t","protected":false},"excerpt":{"rendered":"<p>Num mundo saturado de informa\u00e7\u00e3o, cor, est\u00edmulo e ru\u00eddo, a escolha de um branco como protagonista global n\u00e3o \u00e9 neutra. \u00c9 um statement!<\/p>\n","protected":false},"author":1,"featured_media":990061,"comment_status":"open","ping_status":"closed","sticky":false,"template":"","format":"standard","meta":{"footnotes":""},"categories":[9,1,51,10],"tags":[],"class_list":["post-990029","post","type-post","status-publish","format-standard","has-post-thumbnail","hentry","category-articles","category-blog","category-insights","category-news"],"yoast_head":"<!-- This site is optimized with the Yoast SEO plugin v24.2 - https:\/\/yoast.com\/wordpress\/plugins\/seo\/ -->\n<title>Pantone Color of the Year 2026: Cloud Dancer e o futuro das marcas que pensam al\u00e9m do \u00f3bvio - Brave Branding<\/title>\n<meta name=\"robots\" content=\"index, follow, max-snippet:-1, max-image-preview:large, max-video-preview:-1\" \/>\n<link rel=\"canonical\" href=\"https:\/\/bravebranding.com.br\/index.php\/2025\/12\/04\/pantone-color-of-the-year-2026-cloud-dancer-e-o-futuro-das-marcas-que-pensam-alem-do-obvio\/\" \/>\n<meta property=\"og:locale\" content=\"pt_BR\" \/>\n<meta property=\"og:type\" content=\"article\" \/>\n<meta property=\"og:title\" content=\"Pantone Color of the Year 2026: Cloud Dancer e o futuro das marcas que pensam al\u00e9m do \u00f3bvio - Brave Branding\" \/>\n<meta property=\"og:description\" content=\"Num mundo saturado de informa\u00e7\u00e3o, cor, est\u00edmulo e ru\u00eddo, a escolha de um branco como protagonista global n\u00e3o \u00e9 neutra. \u00c9 um statement!\" \/>\n<meta property=\"og:url\" content=\"https:\/\/bravebranding.com.br\/index.php\/2025\/12\/04\/pantone-color-of-the-year-2026-cloud-dancer-e-o-futuro-das-marcas-que-pensam-alem-do-obvio\/\" \/>\n<meta property=\"og:site_name\" content=\"Brave Branding\" \/>\n<meta property=\"article:publisher\" content=\"https:\/\/www.facebook.com\/profile.php?id=100068378557430\" \/>\n<meta property=\"article:published_time\" content=\"2025-12-04T17:25:58+00:00\" \/>\n<meta property=\"article:modified_time\" content=\"2025-12-04T18:27:25+00:00\" \/>\n<meta property=\"og:image\" content=\"https:\/\/bravebranding.com.br\/wp-content\/uploads\/2025\/12\/Artboard-1-copy-2.jpg\" \/>\n\t<meta property=\"og:image:width\" content=\"717\" \/>\n\t<meta property=\"og:image:height\" content=\"1024\" \/>\n\t<meta property=\"og:image:type\" content=\"image\/jpeg\" \/>\n<meta name=\"author\" content=\"isaias\" \/>\n<meta name=\"twitter:card\" content=\"summary_large_image\" \/>\n<meta name=\"twitter:label1\" content=\"Escrito por\" \/>\n\t<meta name=\"twitter:data1\" content=\"isaias\" \/>\n\t<meta name=\"twitter:label2\" content=\"Est. tempo de leitura\" \/>\n\t<meta name=\"twitter:data2\" content=\"19 minutos\" \/>\n<script type=\"application\/ld+json\" class=\"yoast-schema-graph\">{\"@context\":\"https:\/\/schema.org\",\"@graph\":[{\"@type\":\"Article\",\"@id\":\"https:\/\/bravebranding.com.br\/index.php\/2025\/12\/04\/pantone-color-of-the-year-2026-cloud-dancer-e-o-futuro-das-marcas-que-pensam-alem-do-obvio\/#article\",\"isPartOf\":{\"@id\":\"https:\/\/bravebranding.com.br\/index.php\/2025\/12\/04\/pantone-color-of-the-year-2026-cloud-dancer-e-o-futuro-das-marcas-que-pensam-alem-do-obvio\/\"},\"author\":{\"name\":\"isaias\",\"@id\":\"https:\/\/bravebranding.com.br\/#\/schema\/person\/31c429edb61d3a5349b8ac3c3cd3325b\"},\"headline\":\"Pantone Color of the Year 2026: Cloud Dancer e o futuro das marcas que pensam al\u00e9m do \u00f3bvio\",\"datePublished\":\"2025-12-04T17:25:58+00:00\",\"dateModified\":\"2025-12-04T18:27:25+00:00\",\"mainEntityOfPage\":{\"@id\":\"https:\/\/bravebranding.com.br\/index.php\/2025\/12\/04\/pantone-color-of-the-year-2026-cloud-dancer-e-o-futuro-das-marcas-que-pensam-alem-do-obvio\/\"},\"wordCount\":3336,\"commentCount\":0,\"publisher\":{\"@id\":\"https:\/\/bravebranding.com.br\/#organization\"},\"image\":{\"@id\":\"https:\/\/bravebranding.com.br\/index.php\/2025\/12\/04\/pantone-color-of-the-year-2026-cloud-dancer-e-o-futuro-das-marcas-que-pensam-alem-do-obvio\/#primaryimage\"},\"thumbnailUrl\":\"https:\/\/bravebranding.com.br\/wp-content\/uploads\/2025\/12\/Artboard-1-copy-2.jpg\",\"articleSection\":[\"Articles\",\"Blog\",\"Insights\",\"News\"],\"inLanguage\":\"pt-BR\",\"potentialAction\":[{\"@type\":\"CommentAction\",\"name\":\"Comment\",\"target\":[\"https:\/\/bravebranding.com.br\/index.php\/2025\/12\/04\/pantone-color-of-the-year-2026-cloud-dancer-e-o-futuro-das-marcas-que-pensam-alem-do-obvio\/#respond\"]}]},{\"@type\":\"WebPage\",\"@id\":\"https:\/\/bravebranding.com.br\/index.php\/2025\/12\/04\/pantone-color-of-the-year-2026-cloud-dancer-e-o-futuro-das-marcas-que-pensam-alem-do-obvio\/\",\"url\":\"https:\/\/bravebranding.com.br\/index.php\/2025\/12\/04\/pantone-color-of-the-year-2026-cloud-dancer-e-o-futuro-das-marcas-que-pensam-alem-do-obvio\/\",\"name\":\"Pantone Color of the Year 2026: Cloud Dancer e o futuro das marcas que pensam al\u00e9m do \u00f3bvio - Brave Branding\",\"isPartOf\":{\"@id\":\"https:\/\/bravebranding.com.br\/#website\"},\"primaryImageOfPage\":{\"@id\":\"https:\/\/bravebranding.com.br\/index.php\/2025\/12\/04\/pantone-color-of-the-year-2026-cloud-dancer-e-o-futuro-das-marcas-que-pensam-alem-do-obvio\/#primaryimage\"},\"image\":{\"@id\":\"https:\/\/bravebranding.com.br\/index.php\/2025\/12\/04\/pantone-color-of-the-year-2026-cloud-dancer-e-o-futuro-das-marcas-que-pensam-alem-do-obvio\/#primaryimage\"},\"thumbnailUrl\":\"https:\/\/bravebranding.com.br\/wp-content\/uploads\/2025\/12\/Artboard-1-copy-2.jpg\",\"datePublished\":\"2025-12-04T17:25:58+00:00\",\"dateModified\":\"2025-12-04T18:27:25+00:00\",\"breadcrumb\":{\"@id\":\"https:\/\/bravebranding.com.br\/index.php\/2025\/12\/04\/pantone-color-of-the-year-2026-cloud-dancer-e-o-futuro-das-marcas-que-pensam-alem-do-obvio\/#breadcrumb\"},\"inLanguage\":\"pt-BR\",\"potentialAction\":[{\"@type\":\"ReadAction\",\"target\":[\"https:\/\/bravebranding.com.br\/index.php\/2025\/12\/04\/pantone-color-of-the-year-2026-cloud-dancer-e-o-futuro-das-marcas-que-pensam-alem-do-obvio\/\"]}]},{\"@type\":\"ImageObject\",\"inLanguage\":\"pt-BR\",\"@id\":\"https:\/\/bravebranding.com.br\/index.php\/2025\/12\/04\/pantone-color-of-the-year-2026-cloud-dancer-e-o-futuro-das-marcas-que-pensam-alem-do-obvio\/#primaryimage\",\"url\":\"https:\/\/bravebranding.com.br\/wp-content\/uploads\/2025\/12\/Artboard-1-copy-2.jpg\",\"contentUrl\":\"https:\/\/bravebranding.com.br\/wp-content\/uploads\/2025\/12\/Artboard-1-copy-2.jpg\",\"width\":717,\"height\":1024},{\"@type\":\"BreadcrumbList\",\"@id\":\"https:\/\/bravebranding.com.br\/index.php\/2025\/12\/04\/pantone-color-of-the-year-2026-cloud-dancer-e-o-futuro-das-marcas-que-pensam-alem-do-obvio\/#breadcrumb\",\"itemListElement\":[{\"@type\":\"ListItem\",\"position\":1,\"name\":\"In\u00edcio\",\"item\":\"https:\/\/bravebranding.com.br\/\"},{\"@type\":\"ListItem\",\"position\":2,\"name\":\"Pantone Color of the Year 2026: Cloud Dancer e o futuro das marcas que pensam al\u00e9m do \u00f3bvio\"}]},{\"@type\":\"WebSite\",\"@id\":\"https:\/\/bravebranding.com.br\/#website\",\"url\":\"https:\/\/bravebranding.com.br\/\",\"name\":\"Brave Branding e Design Studio\",\"description\":\"Branding &amp; Design Studio\",\"publisher\":{\"@id\":\"https:\/\/bravebranding.com.br\/#organization\"},\"alternateName\":\"Brave Branding\",\"potentialAction\":[{\"@type\":\"SearchAction\",\"target\":{\"@type\":\"EntryPoint\",\"urlTemplate\":\"https:\/\/bravebranding.com.br\/?s={search_term_string}\"},\"query-input\":{\"@type\":\"PropertyValueSpecification\",\"valueRequired\":true,\"valueName\":\"search_term_string\"}}],\"inLanguage\":\"pt-BR\"},{\"@type\":\"Organization\",\"@id\":\"https:\/\/bravebranding.com.br\/#organization\",\"name\":\"Brave Branding e Design Studio\",\"url\":\"https:\/\/bravebranding.com.br\/\",\"logo\":{\"@type\":\"ImageObject\",\"inLanguage\":\"pt-BR\",\"@id\":\"https:\/\/bravebranding.com.br\/#\/schema\/logo\/image\/\",\"url\":\"https:\/\/bravebranding.com.br\/wp-content\/uploads\/2023\/11\/Artboard-10-copy.webp\",\"contentUrl\":\"https:\/\/bravebranding.com.br\/wp-content\/uploads\/2023\/11\/Artboard-10-copy.webp\",\"width\":694,\"height\":178,\"caption\":\"Brave Branding e Design Studio\"},\"image\":{\"@id\":\"https:\/\/bravebranding.com.br\/#\/schema\/logo\/image\/\"},\"sameAs\":[\"https:\/\/www.facebook.com\/profile.php?id=100068378557430\",\"https:\/\/www.instagram.com\/bravebranding\/\",\"https:\/\/www.behance.net\/bravebranding\",\"https:\/\/br.linkedin.com\/company\/brave-branding-design-studio\",\"https:\/\/www.youtube.com\/channel\/UCmb0KZiInoNUzc0qXIEevug\"]},{\"@type\":\"Person\",\"@id\":\"https:\/\/bravebranding.com.br\/#\/schema\/person\/31c429edb61d3a5349b8ac3c3cd3325b\",\"name\":\"isaias\",\"image\":{\"@type\":\"ImageObject\",\"inLanguage\":\"pt-BR\",\"@id\":\"https:\/\/bravebranding.com.br\/#\/schema\/person\/image\/\",\"url\":\"https:\/\/secure.gravatar.com\/avatar\/97ae0679d6c330e22817675188bc5583?s=96&d=mm&r=g\",\"contentUrl\":\"https:\/\/secure.gravatar.com\/avatar\/97ae0679d6c330e22817675188bc5583?s=96&d=mm&r=g\",\"caption\":\"isaias\"},\"sameAs\":[\"https:\/\/bravebranding.com.br\"],\"url\":\"https:\/\/bravebranding.com.br\/index.php\/author\/isaias\/\"}]}<\/script>\n<!-- \/ Yoast SEO plugin. -->","yoast_head_json":{"title":"Pantone Color of the Year 2026: Cloud Dancer e o futuro das marcas que pensam al\u00e9m do \u00f3bvio - Brave Branding","robots":{"index":"index","follow":"follow","max-snippet":"max-snippet:-1","max-image-preview":"max-image-preview:large","max-video-preview":"max-video-preview:-1"},"canonical":"https:\/\/bravebranding.com.br\/index.php\/2025\/12\/04\/pantone-color-of-the-year-2026-cloud-dancer-e-o-futuro-das-marcas-que-pensam-alem-do-obvio\/","og_locale":"pt_BR","og_type":"article","og_title":"Pantone Color of the Year 2026: Cloud Dancer e o futuro das marcas que pensam al\u00e9m do \u00f3bvio - Brave Branding","og_description":"Num mundo saturado de informa\u00e7\u00e3o, cor, est\u00edmulo e ru\u00eddo, a escolha de um branco como protagonista global n\u00e3o \u00e9 neutra. \u00c9 um statement!","og_url":"https:\/\/bravebranding.com.br\/index.php\/2025\/12\/04\/pantone-color-of-the-year-2026-cloud-dancer-e-o-futuro-das-marcas-que-pensam-alem-do-obvio\/","og_site_name":"Brave Branding","article_publisher":"https:\/\/www.facebook.com\/profile.php?id=100068378557430","article_published_time":"2025-12-04T17:25:58+00:00","article_modified_time":"2025-12-04T18:27:25+00:00","og_image":[{"width":717,"height":1024,"url":"https:\/\/bravebranding.com.br\/wp-content\/uploads\/2025\/12\/Artboard-1-copy-2.jpg","type":"image\/jpeg"}],"author":"isaias","twitter_card":"summary_large_image","twitter_misc":{"Escrito por":"isaias","Est. tempo de leitura":"19 minutos"},"schema":{"@context":"https:\/\/schema.org","@graph":[{"@type":"Article","@id":"https:\/\/bravebranding.com.br\/index.php\/2025\/12\/04\/pantone-color-of-the-year-2026-cloud-dancer-e-o-futuro-das-marcas-que-pensam-alem-do-obvio\/#article","isPartOf":{"@id":"https:\/\/bravebranding.com.br\/index.php\/2025\/12\/04\/pantone-color-of-the-year-2026-cloud-dancer-e-o-futuro-das-marcas-que-pensam-alem-do-obvio\/"},"author":{"name":"isaias","@id":"https:\/\/bravebranding.com.br\/#\/schema\/person\/31c429edb61d3a5349b8ac3c3cd3325b"},"headline":"Pantone Color of the Year 2026: Cloud Dancer e o futuro das marcas que pensam al\u00e9m do \u00f3bvio","datePublished":"2025-12-04T17:25:58+00:00","dateModified":"2025-12-04T18:27:25+00:00","mainEntityOfPage":{"@id":"https:\/\/bravebranding.com.br\/index.php\/2025\/12\/04\/pantone-color-of-the-year-2026-cloud-dancer-e-o-futuro-das-marcas-que-pensam-alem-do-obvio\/"},"wordCount":3336,"commentCount":0,"publisher":{"@id":"https:\/\/bravebranding.com.br\/#organization"},"image":{"@id":"https:\/\/bravebranding.com.br\/index.php\/2025\/12\/04\/pantone-color-of-the-year-2026-cloud-dancer-e-o-futuro-das-marcas-que-pensam-alem-do-obvio\/#primaryimage"},"thumbnailUrl":"https:\/\/bravebranding.com.br\/wp-content\/uploads\/2025\/12\/Artboard-1-copy-2.jpg","articleSection":["Articles","Blog","Insights","News"],"inLanguage":"pt-BR","potentialAction":[{"@type":"CommentAction","name":"Comment","target":["https:\/\/bravebranding.com.br\/index.php\/2025\/12\/04\/pantone-color-of-the-year-2026-cloud-dancer-e-o-futuro-das-marcas-que-pensam-alem-do-obvio\/#respond"]}]},{"@type":"WebPage","@id":"https:\/\/bravebranding.com.br\/index.php\/2025\/12\/04\/pantone-color-of-the-year-2026-cloud-dancer-e-o-futuro-das-marcas-que-pensam-alem-do-obvio\/","url":"https:\/\/bravebranding.com.br\/index.php\/2025\/12\/04\/pantone-color-of-the-year-2026-cloud-dancer-e-o-futuro-das-marcas-que-pensam-alem-do-obvio\/","name":"Pantone Color of the Year 2026: Cloud Dancer e o futuro das marcas que pensam al\u00e9m do \u00f3bvio - Brave Branding","isPartOf":{"@id":"https:\/\/bravebranding.com.br\/#website"},"primaryImageOfPage":{"@id":"https:\/\/bravebranding.com.br\/index.php\/2025\/12\/04\/pantone-color-of-the-year-2026-cloud-dancer-e-o-futuro-das-marcas-que-pensam-alem-do-obvio\/#primaryimage"},"image":{"@id":"https:\/\/bravebranding.com.br\/index.php\/2025\/12\/04\/pantone-color-of-the-year-2026-cloud-dancer-e-o-futuro-das-marcas-que-pensam-alem-do-obvio\/#primaryimage"},"thumbnailUrl":"https:\/\/bravebranding.com.br\/wp-content\/uploads\/2025\/12\/Artboard-1-copy-2.jpg","datePublished":"2025-12-04T17:25:58+00:00","dateModified":"2025-12-04T18:27:25+00:00","breadcrumb":{"@id":"https:\/\/bravebranding.com.br\/index.php\/2025\/12\/04\/pantone-color-of-the-year-2026-cloud-dancer-e-o-futuro-das-marcas-que-pensam-alem-do-obvio\/#breadcrumb"},"inLanguage":"pt-BR","potentialAction":[{"@type":"ReadAction","target":["https:\/\/bravebranding.com.br\/index.php\/2025\/12\/04\/pantone-color-of-the-year-2026-cloud-dancer-e-o-futuro-das-marcas-que-pensam-alem-do-obvio\/"]}]},{"@type":"ImageObject","inLanguage":"pt-BR","@id":"https:\/\/bravebranding.com.br\/index.php\/2025\/12\/04\/pantone-color-of-the-year-2026-cloud-dancer-e-o-futuro-das-marcas-que-pensam-alem-do-obvio\/#primaryimage","url":"https:\/\/bravebranding.com.br\/wp-content\/uploads\/2025\/12\/Artboard-1-copy-2.jpg","contentUrl":"https:\/\/bravebranding.com.br\/wp-content\/uploads\/2025\/12\/Artboard-1-copy-2.jpg","width":717,"height":1024},{"@type":"BreadcrumbList","@id":"https:\/\/bravebranding.com.br\/index.php\/2025\/12\/04\/pantone-color-of-the-year-2026-cloud-dancer-e-o-futuro-das-marcas-que-pensam-alem-do-obvio\/#breadcrumb","itemListElement":[{"@type":"ListItem","position":1,"name":"In\u00edcio","item":"https:\/\/bravebranding.com.br\/"},{"@type":"ListItem","position":2,"name":"Pantone Color of the Year 2026: Cloud Dancer e o futuro das marcas que pensam al\u00e9m do \u00f3bvio"}]},{"@type":"WebSite","@id":"https:\/\/bravebranding.com.br\/#website","url":"https:\/\/bravebranding.com.br\/","name":"Brave Branding e Design Studio","description":"Branding &amp; Design Studio","publisher":{"@id":"https:\/\/bravebranding.com.br\/#organization"},"alternateName":"Brave Branding","potentialAction":[{"@type":"SearchAction","target":{"@type":"EntryPoint","urlTemplate":"https:\/\/bravebranding.com.br\/?s={search_term_string}"},"query-input":{"@type":"PropertyValueSpecification","valueRequired":true,"valueName":"search_term_string"}}],"inLanguage":"pt-BR"},{"@type":"Organization","@id":"https:\/\/bravebranding.com.br\/#organization","name":"Brave Branding e Design Studio","url":"https:\/\/bravebranding.com.br\/","logo":{"@type":"ImageObject","inLanguage":"pt-BR","@id":"https:\/\/bravebranding.com.br\/#\/schema\/logo\/image\/","url":"https:\/\/bravebranding.com.br\/wp-content\/uploads\/2023\/11\/Artboard-10-copy.webp","contentUrl":"https:\/\/bravebranding.com.br\/wp-content\/uploads\/2023\/11\/Artboard-10-copy.webp","width":694,"height":178,"caption":"Brave Branding e Design Studio"},"image":{"@id":"https:\/\/bravebranding.com.br\/#\/schema\/logo\/image\/"},"sameAs":["https:\/\/www.facebook.com\/profile.php?id=100068378557430","https:\/\/www.instagram.com\/bravebranding\/","https:\/\/www.behance.net\/bravebranding","https:\/\/br.linkedin.com\/company\/brave-branding-design-studio","https:\/\/www.youtube.com\/channel\/UCmb0KZiInoNUzc0qXIEevug"]},{"@type":"Person","@id":"https:\/\/bravebranding.com.br\/#\/schema\/person\/31c429edb61d3a5349b8ac3c3cd3325b","name":"isaias","image":{"@type":"ImageObject","inLanguage":"pt-BR","@id":"https:\/\/bravebranding.com.br\/#\/schema\/person\/image\/","url":"https:\/\/secure.gravatar.com\/avatar\/97ae0679d6c330e22817675188bc5583?s=96&d=mm&r=g","contentUrl":"https:\/\/secure.gravatar.com\/avatar\/97ae0679d6c330e22817675188bc5583?s=96&d=mm&r=g","caption":"isaias"},"sameAs":["https:\/\/bravebranding.com.br"],"url":"https:\/\/bravebranding.com.br\/index.php\/author\/isaias\/"}]}},"_links":{"self":[{"href":"https:\/\/bravebranding.com.br\/index.php\/wp-json\/wp\/v2\/posts\/990029","targetHints":{"allow":["GET"]}}],"collection":[{"href":"https:\/\/bravebranding.com.br\/index.php\/wp-json\/wp\/v2\/posts"}],"about":[{"href":"https:\/\/bravebranding.com.br\/index.php\/wp-json\/wp\/v2\/types\/post"}],"author":[{"embeddable":true,"href":"https:\/\/bravebranding.com.br\/index.php\/wp-json\/wp\/v2\/users\/1"}],"replies":[{"embeddable":true,"href":"https:\/\/bravebranding.com.br\/index.php\/wp-json\/wp\/v2\/comments?post=990029"}],"version-history":[{"count":22,"href":"https:\/\/bravebranding.com.br\/index.php\/wp-json\/wp\/v2\/posts\/990029\/revisions"}],"predecessor-version":[{"id":990070,"href":"https:\/\/bravebranding.com.br\/index.php\/wp-json\/wp\/v2\/posts\/990029\/revisions\/990070"}],"wp:featuredmedia":[{"embeddable":true,"href":"https:\/\/bravebranding.com.br\/index.php\/wp-json\/wp\/v2\/media\/990061"}],"wp:attachment":[{"href":"https:\/\/bravebranding.com.br\/index.php\/wp-json\/wp\/v2\/media?parent=990029"}],"wp:term":[{"taxonomy":"category","embeddable":true,"href":"https:\/\/bravebranding.com.br\/index.php\/wp-json\/wp\/v2\/categories?post=990029"},{"taxonomy":"post_tag","embeddable":true,"href":"https:\/\/bravebranding.com.br\/index.php\/wp-json\/wp\/v2\/tags?post=990029"}],"curies":[{"name":"wp","href":"https:\/\/api.w.org\/{rel}","templated":true}]}}